{"id":8226,"date":"2020-06-17T14:21:21","date_gmt":"2020-06-17T14:21:21","guid":{"rendered":"https:\/\/pyrenevisualspruebas.es\/atencion.a.la.ciudadania\/?p=8226"},"modified":"2020-12-09T19:38:47","modified_gmt":"2020-12-09T19:38:47","slug":"helduentzako-euskara-eskolak","status":"publish","type":"post","link":"https:\/\/www.esteribar.org\/esteribar.eus\/helduentzako-euskara-eskolak\/","title":{"rendered":"HELDUENTZAKO EUSKARA ESKOLAK"},"content":{"rendered":"<div class=\"vc_row wpb_row vc_row-fluid\"><div class=\"wpb_column vc_column_container vc_col-sm-12\"><div class=\"vc_column-inner\"><div class=\"wpb_wrapper\"><div class=\"vc_empty_space ovic_vc_custom_5fd127c7f288b\"   style=\"height: 32px\"><span class=\"vc_empty_space_inner\"><\/span><\/div>\n\t<div class=\"wpb_text_column wpb_content_element ovic_vc_custom_5fd127c7f288f \" >\n\t\t<div class=\"wpb_wrapper\">\n\t\t\t<p style=\"text-align: center;\"><strong>2020\/2021 ikasturterako interesdunak<\/strong><\/p>\n<p style=\"text-align: center;\"><!--more--><\/p>\n\n\t\t<\/div>\n\t<\/div>\n\n\t<div class=\"wpb_text_column wpb_content_element ovic_vc_custom_5fd127c7f2891 \" >\n\t\t<div class=\"wpb_wrapper\">\n\t\t\t<p style=\"text-align: center;\">Nos gustar\u00eda saber si el curso que viene, de septiembre a mayo, estar\u00edas interesado\/a en recibir clases de euskera. Vamos a ofertar en Olloki y Zubiri a trav\u00e9s del Euskaltegi.<\/p>\n<p style=\"text-align: center;\">Si est\u00e1s interesado\/a m\u00e1ndanos un email a <a href=\"mailto:ayuntamiento@esteribar.org\">ayuntamiento@esteribar.org<\/a> antes del mi\u00e9rcoles 17 junio con tu nombre, apellidos, domicilio, tel\u00e9fono, pueblo en el que realizar\u00edas el curso (Olloki o zubiri) y nivel de euskera (ninguno, b\u00e1sico o avanzado).<\/p>\n\n\t\t<\/div>\n\t<\/div>\n<\/div><\/div><\/div><\/div>\n","protected":false},"excerpt":{"rendered":"<p>2020\/2021 ikasturterako interesdunak<\/p>\n","protected":false},"author":2,"featured_media":8228,"comment_status":"closed","ping_status":"closed","sticky":false,"template":"","format":"standard","meta":{"_jetpack_memberships_contains_paid_content":false,"footnotes":""},"categories":[165],"tags":[],"jetpack_sharing_enabled":true,"jetpack_featured_media_url":"https:\/\/www.esteribar.org\/esteribar.eus\/wp-content\/uploads\/2020\/06\/Captura-de-pantalla-2020-06-17-a-las-16.21.04.png","_links":{"self":[{"href":"https:\/\/www.esteribar.org\/esteribar.eus\/wp-json\/wp\/v2\/posts\/8226"}],"collection":[{"href":"https:\/\/www.esteribar.org\/esteribar.eus\/wp-json\/wp\/v2\/posts"}],"about":[{"href":"https:\/\/www.esteribar.org\/esteribar.eus\/wp-json\/wp\/v2\/types\/post"}],"author":[{"embeddable":true,"href":"https:\/\/www.esteribar.org\/esteribar.eus\/wp-json\/wp\/v2\/users\/2"}],"replies":[{"embeddable":true,"href":"https:\/\/www.esteribar.org\/esteribar.eus\/wp-json\/wp\/v2\/comments?post=8226"}],"version-history":[{"count":6,"href":"https:\/\/www.esteribar.org\/esteribar.eus\/wp-json\/wp\/v2\/posts\/8226\/revisions"}],"predecessor-version":[{"id":10759,"href":"https:\/\/www.esteribar.org\/esteribar.eus\/wp-json\/wp\/v2\/posts\/8226\/revisions\/10759"}],"wp:featuredmedia":[{"embeddable":true,"href":"https:\/\/www.esteribar.org\/esteribar.eus\/wp-json\/wp\/v2\/media\/8228"}],"wp:attachment":[{"href":"https:\/\/www.esteribar.org\/esteribar.eus\/wp-json\/wp\/v2\/media?parent=8226"}],"wp:term":[{"taxonomy":"category","embeddable":true,"href":"https:\/\/www.esteribar.org\/esteribar.eus\/wp-json\/wp\/v2\/categories?post=8226"},{"taxonomy":"post_tag","embeddable":true,"href":"https:\/\/www.esteribar.org\/esteribar.eus\/wp-json\/wp\/v2\/tags?post=8226"}],"curies":[{"name":"wp","href":"https:\/\/api.w.org\/{rel}","templated":true}]}}