{"id":9101,"date":"2020-09-24T12:50:25","date_gmt":"2020-09-24T12:50:25","guid":{"rendered":"http:\/\/esteribar.org\/esteribar.esp\/?p=9101"},"modified":"2020-11-22T19:49:00","modified_gmt":"2020-11-22T19:49:00","slug":"ayudas-movilidad-eficiente-y-sostenible-moves-ii","status":"publish","type":"post","link":"https:\/\/www.esteribar.org\/esteribar.esp\/ayudas-movilidad-eficiente-y-sostenible-moves-ii\/","title":{"rendered":"AYUDAS MOVILIDAD EFICIENTE Y SOSTENIBLE (MOVES II)"},"content":{"rendered":"<div class=\"vc_row wpb_row vc_row-fluid\"><div class=\"wpb_column vc_column_container vc_col-sm-12\"><div class=\"vc_column-inner\"><div class=\"wpb_wrapper\"><div class=\"vc_empty_space ovic_vc_custom_5fbac0ac8a0ab\"   style=\"height: 32px\"><span class=\"vc_empty_space_inner\"><\/span><\/div>\n\t<div class=\"wpb_text_column wpb_content_element ovic_vc_custom_5fbac0ac8a0b0 \" >\n\t\t<div class=\"wpb_wrapper\">\n\t\t\t<div class=\"post__content\">\n<p>El Gobierno de Navarra ha aprobado la RESOLUCI\u00d3N 106E\/2020, de 11 de septiembre, de la Directora General de Industria, Energ\u00eda y Proyectos Estrat\u00e9gicos S3, por la que se aprueba la convocatoria del \u201cPrograma de incentivos a la movilidad eficiente y sostenible (MOVES II) del a\u00f1o 2020\u201d.<\/p>\n<p><strong>BON N\u00ba 210 \u2013 17 de septiembre de 2020<\/strong> <a href=\"https:\/\/bon.navarra.es\/es\/boletin\/-\/sumario\/2020\/210\">https:\/\/bon.navarra.es\/es\/boletin\/-\/sumario\/2020\/210<\/a><\/p>\n<p><strong><u>Beneficiarios:<\/u><\/strong><\/p>\n<ul>\n<li>Las personas f\u00edsicas que desarrollen actividades econ\u00f3micas.<\/li>\n<li>Las personas f\u00edsicas mayores de edad, a excepci\u00f3n de los casos de discapacidad, que podr\u00e1n ser menores de edad, no incluidas en el apartado anterior.<\/li>\n<li>Comunidades de propietarios de Navarra.<\/li>\n<li>Personas jur\u00eddicas, otras entidades, con o sin personalidad jur\u00eddica, cuyo N\u00famero de Identificaci\u00f3n Fiscal (NIF) comience por las letras A, B, C, D, E, F, G, J, R o W.<\/li>\n<li>Las entidades que integran la Administraci\u00f3n Local de Navarra.<\/li>\n<\/ul>\n<p><strong><u>Actuaciones subvencionables: <\/u><\/strong><\/p>\n<ul>\n<li>Actuaci\u00f3n 1: Adquisici\u00f3n de veh\u00edculos de energ\u00edas alternativas.<\/li>\n<\/ul>\n<ul>\n<li>Actuaci\u00f3n 2: Implantaci\u00f3n de infraestructura de recarga de veh\u00edculos el\u00e9ctricos.<\/li>\n<li>Actuaci\u00f3n 3: Implantaci\u00f3n de sistemas de pr\u00e9stamos de bicicletas el\u00e9ctricas.<\/li>\n<li>Actuaci\u00f3n 4: Implantaci\u00f3n de medidas de movilidad sostenible al trabajo.<\/li>\n<\/ul>\n<p><strong><u>Porcentaje e importes m\u00e1ximos:<\/u><\/strong><\/p>\n<ul>\n<li>Actuaci\u00f3n 1: Desde los de 600 euros hasta los 15.000 euros. Las ayudas para la compra de turismos el\u00e9ctricos pueden llegar, hasta los 5.500 \u20ac con achatarramiento y hasta los 6.000 \u20ac, igualmente con achatarramiento, en el caso de veh\u00edculos comerciales.<\/li>\n<li>Actuaci\u00f3n 2: Puntos de recarga (p\u00fablicos y privados), entre un 30 % y un 40% del coste subvencionable, con un l\u00edmite de 100.000 euros.<\/li>\n<li>Actuaci\u00f3n 3: Sistemas de pr\u00e9stamos de bicicletas el\u00e9ctricas, 30 % con un l\u00edmite de 100.000 euros.<\/li>\n<li>Actuaci\u00f3n 4: Medidas de Planes de Transporte a los Centros de Trabajo y de medidas a llevar a cabo por Ayuntamientos para adaptar la movilidad en un escenario de nuevas exigencias derivadas del per\u00edodo post COVID 19, entre un 40 % y un 50% con un l\u00edmite de 500.000 euros.<\/li>\n<\/ul>\n<p><strong><u>Plazo de presentaci\u00f3n:<\/u><\/strong><\/p>\n<p>Las solicitudes se presentar\u00e1n en el plazo de un a\u00f1o contados a partir del d\u00eda siguiente al de la fecha de publicaci\u00f3n en el BON. (BON N\u00ba 210 \u2013 17 de septiembre de 2020)<\/p>\n<p><strong><u>Compatibilidad o incompatibilidad<em>.<\/em><\/u><\/strong><\/p>\n<p>Las subvenciones reguladas en esta convocatoria no ser\u00e1n compatibles con otras subvenciones o ayudas que pudieran concederse para la misma finalidad, procedentes de cualesquiera Administraciones o entes p\u00fablicos o privados, nacionales, de la Uni\u00f3n Europea o de organismos internacionales.<\/p>\n<p><a href=\"https:\/\/bon.navarra.es\/es\/anuncio\/-\/texto\/2020\/210\/1\">https:\/\/bon.navarra.es\/es\/anuncio\/-\/texto\/2020\/210\/1#<\/a><\/p>\n<p><strong><u>\u00a0<\/u><\/strong><\/p>\n<p><strong><u>NOTAS:<\/u><\/strong><\/p>\n<p><em>1.- Se prev\u00e9 que estas ayudas se agoten r\u00e1pidamente. Si sobra dinero de alguna actuaci\u00f3n, se pasar\u00e1 a listas de espera de otra actuaci\u00f3n.<\/em><\/p>\n<p><em>2.- A modo de ejemplo de estas ayudas <strong>en Navarra<\/strong>:<\/em><\/p>\n<p><em>Veh\u00edculo de precio 20.000\u20ac<\/em><\/p>\n<p><em>Ayudas MOVES II 5.500\u20ac + 30% de deducci\u00f3n en el IRPF. <\/em><\/p>\n<p><em>Total precio veh\u00edculo: 8.500\u20ac<\/em><\/p>\n<p style=\"text-align: left;\">\n<\/div>\n\n\t\t<\/div>\n\t<\/div>\n<\/div><\/div><\/div><\/div>\n","protected":false},"excerpt":{"rendered":"El Gobierno de Navarra ha aprobado la RESOLUCI\u00d3N 106E\/2020, de 11 de septiembre, de la Directora General de Industria, Energ\u00eda y Proyectos Estrat\u00e9gicos S3, por la que se aprueba la convocatoria del \u201cPrograma de incentivos a la movilidad eficiente y sostenible (MOVES II) del a\u00f1o 2020\u201d. BON N\u00ba 210 \u2013 17 de septiembre de 2020 [...]","protected":false},"author":2,"featured_media":9102,"comment_status":"closed","ping_status":"closed","sticky":false,"template":"","format":"standard","meta":{"footnotes":""},"categories":[162],"tags":[],"class_list":["post-9101","post","type-post","status-publish","format-standard","has-post-thumbnail","hentry","category-otras-subvenciones"],"_links":{"self":[{"href":"https:\/\/www.esteribar.org\/esteribar.esp\/wp-json\/wp\/v2\/posts\/9101","targetHints":{"allow":["GET"]}}],"collection":[{"href":"https:\/\/www.esteribar.org\/esteribar.esp\/wp-json\/wp\/v2\/posts"}],"about":[{"href":"https:\/\/www.esteribar.org\/esteribar.esp\/wp-json\/wp\/v2\/types\/post"}],"author":[{"embeddable":true,"href":"https:\/\/www.esteribar.org\/esteribar.esp\/wp-json\/wp\/v2\/users\/2"}],"replies":[{"embeddable":true,"href":"https:\/\/www.esteribar.org\/esteribar.esp\/wp-json\/wp\/v2\/comments?post=9101"}],"version-history":[{"count":6,"href":"https:\/\/www.esteribar.org\/esteribar.esp\/wp-json\/wp\/v2\/posts\/9101\/revisions"}],"predecessor-version":[{"id":9637,"href":"https:\/\/www.esteribar.org\/esteribar.esp\/wp-json\/wp\/v2\/posts\/9101\/revisions\/9637"}],"wp:featuredmedia":[{"embeddable":true,"href":"https:\/\/www.esteribar.org\/esteribar.esp\/wp-json\/wp\/v2\/media\/9102"}],"wp:attachment":[{"href":"https:\/\/www.esteribar.org\/esteribar.esp\/wp-json\/wp\/v2\/media?parent=9101"}],"wp:term":[{"taxonomy":"category","embeddable":true,"href":"https:\/\/www.esteribar.org\/esteribar.esp\/wp-json\/wp\/v2\/categories?post=9101"},{"taxonomy":"post_tag","embeddable":true,"href":"https:\/\/www.esteribar.org\/esteribar.esp\/wp-json\/wp\/v2\/tags?post=9101"}],"curies":[{"name":"wp","href":"https:\/\/api.w.org\/{rel}","templated":true}]}}