{"id":8239,"date":"2020-06-17T15:45:09","date_gmt":"2020-06-17T15:45:09","guid":{"rendered":"https:\/\/pyrenevisualspruebas.es\/atencion.a.la.ciudadania\/?p=8239"},"modified":"2020-11-22T19:19:35","modified_gmt":"2020-11-22T19:19:35","slug":"matriculacion-externa-para-el-curso-2020-2021","status":"publish","type":"post","link":"https:\/\/www.esteribar.org\/esteribar.esp\/matriculacion-externa-para-el-curso-2020-2021\/","title":{"rendered":"MATRICULACI\u00d3N EXTERNA PARA EL CURSO 2020\/2021"},"content":{"rendered":"<div class=\"vc_row wpb_row vc_row-fluid\"><div class=\"wpb_column vc_column_container vc_col-sm-12\"><div class=\"vc_column-inner\"><div class=\"wpb_wrapper\"><div class=\"vc_empty_space ovic_vc_custom_5fbab9c78057e\"   style=\"height: 32px\"><span class=\"vc_empty_space_inner\"><\/span><\/div>\n\t<div class=\"wpb_text_column wpb_content_element ovic_vc_custom_5fbab9c780582 \" >\n\t\t<div class=\"wpb_wrapper\">\n\t\t\t<div class=\"post__content\">\n<p style=\"text-align: center;\"><strong>Matriculaci\u00f3n externa para el curso 2020\/2021 del 25 DE MAYO AL 3 DE JUNIO (ambos d\u00edas incluidos)<\/strong><\/p>\n<\/div>\n<p><!--more--><\/p>\n\n\t\t<\/div>\n\t<\/div>\n\n\t<div class=\"wpb_text_column wpb_content_element ovic_vc_custom_5fbab9c780584 \" >\n\t\t<div class=\"wpb_wrapper\">\n\t\t\t<div class=\"post__content\">\n<p style=\"text-align: center;\">Esta matriculaci\u00f3n va dirigida a nuev@s alumn@s que a\u00fan no forman parte de la escuela. El m\u00e9todo que seguiremos para dicha matr\u00edcula ser\u00e1 la plantilla de la nueva p\u00e1gina web de la escuela. En esa plantilla, figuran todas las opciones de ense\u00f1anza de la escuela y una vez rellenados los datos, el documento es enviado a la escuela autom\u00e1ticamente.<\/p>\n<p style=\"text-align: center;\"><strong>Aqu\u00ed debajo os adjuntamos el enlace de la web:<\/strong><\/p>\n<p style=\"text-align: center;\"><a href=\"https:\/\/www.escuelademusicaorreagamusikaeskola.com\/matriculacion\">https:\/\/www.escuelademusicaorreagamusikaeskola.com<\/a><\/p>\n<\/div>\n\n\t\t<\/div>\n\t<\/div>\n<\/div><\/div><\/div><\/div>\n","protected":false},"excerpt":{"rendered":"<p>Matriculaci\u00f3n externa para el curso 2020\/2021 del 25 DE MAYO AL 3 DE JUNIO (ambos d\u00edas incluidos)<\/p>\n","protected":false},"author":2,"featured_media":8249,"comment_status":"closed","ping_status":"closed","sticky":false,"template":"","format":"standard","meta":{"footnotes":""},"categories":[165],"tags":[],"class_list":["post-8239","post","type-post","status-publish","format-standard","has-post-thumbnail","hentry","category-noticias-avisos"],"_links":{"self":[{"href":"https:\/\/www.esteribar.org\/esteribar.esp\/wp-json\/wp\/v2\/posts\/8239","targetHints":{"allow":["GET"]}}],"collection":[{"href":"https:\/\/www.esteribar.org\/esteribar.esp\/wp-json\/wp\/v2\/posts"}],"about":[{"href":"https:\/\/www.esteribar.org\/esteribar.esp\/wp-json\/wp\/v2\/types\/post"}],"author":[{"embeddable":true,"href":"https:\/\/www.esteribar.org\/esteribar.esp\/wp-json\/wp\/v2\/users\/2"}],"replies":[{"embeddable":true,"href":"https:\/\/www.esteribar.org\/esteribar.esp\/wp-json\/wp\/v2\/comments?post=8239"}],"version-history":[{"count":7,"href":"https:\/\/www.esteribar.org\/esteribar.esp\/wp-json\/wp\/v2\/posts\/8239\/revisions"}],"predecessor-version":[{"id":9619,"href":"https:\/\/www.esteribar.org\/esteribar.esp\/wp-json\/wp\/v2\/posts\/8239\/revisions\/9619"}],"wp:featuredmedia":[{"embeddable":true,"href":"https:\/\/www.esteribar.org\/esteribar.esp\/wp-json\/wp\/v2\/media\/8249"}],"wp:attachment":[{"href":"https:\/\/www.esteribar.org\/esteribar.esp\/wp-json\/wp\/v2\/media?parent=8239"}],"wp:term":[{"taxonomy":"category","embeddable":true,"href":"https:\/\/www.esteribar.org\/esteribar.esp\/wp-json\/wp\/v2\/categories?post=8239"},{"taxonomy":"post_tag","embeddable":true,"href":"https:\/\/www.esteribar.org\/esteribar.esp\/wp-json\/wp\/v2\/tags?post=8239"}],"curies":[{"name":"wp","href":"https:\/\/api.w.org\/{rel}","templated":true}]}}