{"id":13410,"date":"2026-04-30T12:06:04","date_gmt":"2026-04-30T12:06:04","guid":{"rendered":"https:\/\/www.esteribar.org\/esteribar.esp\/?p=13410"},"modified":"2026-04-30T12:11:08","modified_gmt":"2026-04-30T12:11:08","slug":"esteribarko-euskararen-jaia-2026","status":"publish","type":"post","link":"https:\/\/www.esteribar.org\/esteribar.esp\/esteribarko-euskararen-jaia-2026\/","title":{"rendered":"ESTERIBARKO EUSKARAREN JAIA 2026"},"content":{"rendered":"<div class=\"vc_row wpb_row vc_row-fluid\"><div class=\"wpb_column vc_column_container vc_col-sm-12\"><div class=\"vc_column-inner\"><div class=\"wpb_wrapper\">\n\t<div  class=\"wpb_single_image wpb_content_element vc_align_center ovic_vc_custom_69f346dcd323a\">\n\t\t\n\t\t<figure class=\"wpb_wrapper vc_figure\">\n\t\t\t<div class=\"vc_single_image-wrapper   vc_box_border_grey\"><img loading=\"lazy\" decoding=\"async\" width=\"1414\" height=\"2000\" src=\"https:\/\/www.esteribar.org\/esteribar.esp\/wp-content\/uploads\/2026\/04\/KARTELA-ESTERIBARKO-EUSKARAREN-JAIA-2026.jpg\" class=\"vc_single_image-img attachment-full\" alt=\"\" srcset=\"https:\/\/www.esteribar.org\/esteribar.esp\/wp-content\/uploads\/2026\/04\/KARTELA-ESTERIBARKO-EUSKARAREN-JAIA-2026.jpg 1414w, https:\/\/www.esteribar.org\/esteribar.esp\/wp-content\/uploads\/2026\/04\/KARTELA-ESTERIBARKO-EUSKARAREN-JAIA-2026-212x300.jpg 212w, https:\/\/www.esteribar.org\/esteribar.esp\/wp-content\/uploads\/2026\/04\/KARTELA-ESTERIBARKO-EUSKARAREN-JAIA-2026-724x1024.jpg 724w, https:\/\/www.esteribar.org\/esteribar.esp\/wp-content\/uploads\/2026\/04\/KARTELA-ESTERIBARKO-EUSKARAREN-JAIA-2026-768x1086.jpg 768w, https:\/\/www.esteribar.org\/esteribar.esp\/wp-content\/uploads\/2026\/04\/KARTELA-ESTERIBARKO-EUSKARAREN-JAIA-2026-1086x1536.jpg 1086w\" sizes=\"auto, (max-width: 1414px) 100vw, 1414px\" \/><\/div>\n\t\t<\/figure>\n\t<\/div>\n<\/div><\/div><\/div><\/div><div class=\"vc_row wpb_row vc_row-fluid\"><div class=\"wpb_column vc_column_container vc_col-sm-12\"><div class=\"vc_column-inner\"><div class=\"wpb_wrapper\">\n\t<div class=\"wpb_text_column wpb_content_element ovic_vc_custom_69f346dcd323e \" >\n\t\t<div class=\"wpb_wrapper\">\n\t\t\t<p>\u00a1Ya llega el Esteribarko Euskararen Jaia, la fiesta del euskera del valle! Este a\u00f1o se celebrar\u00e1 el <strong>16 de mayo en Zubiri.<\/strong> Un a\u00f1o m\u00e1s, se ha elaborado un programa amplio, con dianas, marchas, comida popular y conciertos.<\/p>\n<p>Los tickets para la comida est\u00e1n a la venta en Etxeberri, Perutxena (Larrasoa\u00f1a), Polideportivo de Zubiri y el bar Athika21 (Olloki); a 12 euros para los adultos y 6 euros en el caso de los\/as ni\u00f1os\/as. Para notificar intolerancias, veganos, etc. es necesario contactar con el Servicio de euskera (<a href=\"mailto:euskara@esteribar.org\">euskara@esteribar.org<\/a> &#8211; 618 757 377). PLAZO: 10 de mayo<\/p>\n\n\t\t<\/div>\n\t<\/div>\n<\/div><\/div><\/div><\/div>\n","protected":false},"excerpt":{"rendered":"\u00a1Ya llega el Esteribarko Euskararen Jaia, la fiesta del euskera del valle! Este a\u00f1o se celebrar\u00e1 el 16 de mayo en Zubiri. Un a\u00f1o m\u00e1s, se ha elaborado un programa amplio, con dianas, marchas, comida popular y conciertos. Los tickets para la comida est\u00e1n a la venta en Etxeberri, Perutxena (Larrasoa\u00f1a), Polideportivo de Zubiri y [...]","protected":false},"author":2,"featured_media":13411,"comment_status":"closed","ping_status":"closed","sticky":false,"template":"","format":"standard","meta":{"footnotes":""},"categories":[190,164,194],"tags":[],"class_list":["post-13410","post","type-post","status-publish","format-standard","has-post-thumbnail","hentry","category-actividades","category-eventos","category-servicio-euskera"],"_links":{"self":[{"href":"https:\/\/www.esteribar.org\/esteribar.esp\/wp-json\/wp\/v2\/posts\/13410","targetHints":{"allow":["GET"]}}],"collection":[{"href":"https:\/\/www.esteribar.org\/esteribar.esp\/wp-json\/wp\/v2\/posts"}],"about":[{"href":"https:\/\/www.esteribar.org\/esteribar.esp\/wp-json\/wp\/v2\/types\/post"}],"author":[{"embeddable":true,"href":"https:\/\/www.esteribar.org\/esteribar.esp\/wp-json\/wp\/v2\/users\/2"}],"replies":[{"embeddable":true,"href":"https:\/\/www.esteribar.org\/esteribar.esp\/wp-json\/wp\/v2\/comments?post=13410"}],"version-history":[{"count":2,"href":"https:\/\/www.esteribar.org\/esteribar.esp\/wp-json\/wp\/v2\/posts\/13410\/revisions"}],"predecessor-version":[{"id":13413,"href":"https:\/\/www.esteribar.org\/esteribar.esp\/wp-json\/wp\/v2\/posts\/13410\/revisions\/13413"}],"wp:featuredmedia":[{"embeddable":true,"href":"https:\/\/www.esteribar.org\/esteribar.esp\/wp-json\/wp\/v2\/media\/13411"}],"wp:attachment":[{"href":"https:\/\/www.esteribar.org\/esteribar.esp\/wp-json\/wp\/v2\/media?parent=13410"}],"wp:term":[{"taxonomy":"category","embeddable":true,"href":"https:\/\/www.esteribar.org\/esteribar.esp\/wp-json\/wp\/v2\/categories?post=13410"},{"taxonomy":"post_tag","embeddable":true,"href":"https:\/\/www.esteribar.org\/esteribar.esp\/wp-json\/wp\/v2\/tags?post=13410"}],"curies":[{"name":"wp","href":"https:\/\/api.w.org\/{rel}","templated":true}]}}