{"id":12323,"date":"2024-03-20T11:05:56","date_gmt":"2024-03-20T11:05:56","guid":{"rendered":"http:\/\/esteribar.org\/esteribar.esp\/?p=12323"},"modified":"2024-03-20T11:05:56","modified_gmt":"2024-03-20T11:05:56","slug":"disponible-la-oferta-de-campamentos-de-verano-de-2024","status":"publish","type":"post","link":"https:\/\/www.esteribar.org\/esteribar.esp\/disponible-la-oferta-de-campamentos-de-verano-de-2024\/","title":{"rendered":"DISPONIBLE LA OFERTA DE CAMPAMENTOS DE VERANO DE 2024"},"content":{"rendered":"<div class=\"vc_row wpb_row vc_row-fluid\"><div class=\"wpb_column vc_column_container vc_col-sm-12\"><div class=\"vc_column-inner\"><div class=\"wpb_wrapper\">\n\t<div  class=\"wpb_single_image wpb_content_element vc_align_center ovic_vc_custom_65fac314e01e5\">\n\t\t\n\t\t<figure class=\"wpb_wrapper vc_figure\">\n\t\t\t<div class=\"vc_single_image-wrapper   vc_box_border_grey\"><img loading=\"lazy\" decoding=\"async\" width=\"1414\" height=\"2000\" src=\"https:\/\/www.esteribar.org\/esteribar.esp\/wp-content\/uploads\/2024\/03\/UDALEKUAK-LH.png\" class=\"vc_single_image-img attachment-full\" alt=\"\" srcset=\"https:\/\/www.esteribar.org\/esteribar.esp\/wp-content\/uploads\/2024\/03\/UDALEKUAK-LH.png 1414w, https:\/\/www.esteribar.org\/esteribar.esp\/wp-content\/uploads\/2024\/03\/UDALEKUAK-LH-600x849.png 600w, https:\/\/www.esteribar.org\/esteribar.esp\/wp-content\/uploads\/2024\/03\/UDALEKUAK-LH-212x300.png 212w, https:\/\/www.esteribar.org\/esteribar.esp\/wp-content\/uploads\/2024\/03\/UDALEKUAK-LH-724x1024.png 724w, https:\/\/www.esteribar.org\/esteribar.esp\/wp-content\/uploads\/2024\/03\/UDALEKUAK-LH-768x1086.png 768w, https:\/\/www.esteribar.org\/esteribar.esp\/wp-content\/uploads\/2024\/03\/UDALEKUAK-LH-1086x1536.png 1086w\" sizes=\"auto, (max-width: 1414px) 100vw, 1414px\" \/><\/div>\n\t\t<\/figure>\n\t<\/div>\n<\/div><\/div><\/div><\/div><div class=\"vc_row wpb_row vc_row-fluid\"><div class=\"wpb_column vc_column_container vc_col-sm-12\"><div class=\"vc_column-inner\"><div class=\"wpb_wrapper\">\n\t<div class=\"wpb_text_column wpb_content_element ovic_vc_custom_65fac314e01e9 \" >\n\t\t<div class=\"wpb_wrapper\">\n\t\t\t<p style=\"text-align: center;\"><strong>Pronto llegar\u00e1 el verano y ya se ha abierto la oferta de colonias de este a\u00f1o. Encontrar\u00e9is informaci\u00f3n actualizada en el portal <\/strong><a href=\"https:\/\/eranafarroa.eus\/es\/recursos\/oferta-extraescolar\/campamentos\/\"><strong>ERA.EUS<\/strong><\/a><strong>.<\/strong><\/p>\n<p>En verano, las y los ni\u00f1os y j\u00f3venes pasan 9 semanas fuera de la escuela, y con frecuencia ocurre que las posibilidades de utilizar el euskera disminuyen e incluso desaparecen para algunas de ellas\/os. Los campamentos y colonias de verano en euskera son una oportunidad para divertirse y garantizar un <strong>entorno inmersivo<\/strong> en el cual\u00a0 seguir generando nuevas vivencias y experiencias agradables en euskera.<\/p>\n<p>La ludoteca municipal de Esteribar organiza un a\u00f1o m\u00e1s campamentos de ma\u00f1ana, y adem\u00e1s, <strong>las colonias de verano en euskera<\/strong> son una oportunidad para hacer nuevas amistades y sumergirse en nuevas aventuras. <strong>La oferta actual es amplia<\/strong>: granjas-escuela, multiaventura, actividades acu\u00e1ticas, colonias de bertsos\u2026 Toda la informaci\u00f3n la encontrar\u00e9is en <a href=\"https:\/\/eranafarroa.eus\/es\/recursos\/oferta-extraescolar\/campamentos\/\">https:\/\/eranafarroa.eus\/es\/recursos\/oferta-extraescolar\/campamentos\/<\/a><\/p>\n<p>Recuerda que el <strong>Ayuntamiento de Esteribar subvenciona<\/strong> en parte la participaci\u00f3n en colonias \u00edntegramente en euskera durante las vacaciones de verano.<\/p>\n<p>Para m\u00e1s detalles, consultar en el servicio municipal de euskera.<\/p>\n\n\t\t<\/div>\n\t<\/div>\n<\/div><\/div><\/div><\/div>\n","protected":false},"excerpt":{"rendered":"Pronto llegar\u00e1 el verano y ya se ha abierto la oferta de colonias de este a\u00f1o. Encontrar\u00e9is informaci\u00f3n actualizada en el portal ERA.EUS. En verano, las y los ni\u00f1os y j\u00f3venes pasan 9 semanas fuera de la escuela, y con frecuencia ocurre que las posibilidades de utilizar el euskera disminuyen e incluso desaparecen para algunas [...]","protected":false},"author":2,"featured_media":12324,"comment_status":"closed","ping_status":"closed","sticky":false,"template":"","format":"standard","meta":{"footnotes":""},"categories":[165,194],"tags":[],"class_list":["post-12323","post","type-post","status-publish","format-standard","has-post-thumbnail","hentry","category-noticias-avisos","category-servicio-euskera"],"_links":{"self":[{"href":"https:\/\/www.esteribar.org\/esteribar.esp\/wp-json\/wp\/v2\/posts\/12323","targetHints":{"allow":["GET"]}}],"collection":[{"href":"https:\/\/www.esteribar.org\/esteribar.esp\/wp-json\/wp\/v2\/posts"}],"about":[{"href":"https:\/\/www.esteribar.org\/esteribar.esp\/wp-json\/wp\/v2\/types\/post"}],"author":[{"embeddable":true,"href":"https:\/\/www.esteribar.org\/esteribar.esp\/wp-json\/wp\/v2\/users\/2"}],"replies":[{"embeddable":true,"href":"https:\/\/www.esteribar.org\/esteribar.esp\/wp-json\/wp\/v2\/comments?post=12323"}],"version-history":[{"count":1,"href":"https:\/\/www.esteribar.org\/esteribar.esp\/wp-json\/wp\/v2\/posts\/12323\/revisions"}],"predecessor-version":[{"id":12325,"href":"https:\/\/www.esteribar.org\/esteribar.esp\/wp-json\/wp\/v2\/posts\/12323\/revisions\/12325"}],"wp:featuredmedia":[{"embeddable":true,"href":"https:\/\/www.esteribar.org\/esteribar.esp\/wp-json\/wp\/v2\/media\/12324"}],"wp:attachment":[{"href":"https:\/\/www.esteribar.org\/esteribar.esp\/wp-json\/wp\/v2\/media?parent=12323"}],"wp:term":[{"taxonomy":"category","embeddable":true,"href":"https:\/\/www.esteribar.org\/esteribar.esp\/wp-json\/wp\/v2\/categories?post=12323"},{"taxonomy":"post_tag","embeddable":true,"href":"https:\/\/www.esteribar.org\/esteribar.esp\/wp-json\/wp\/v2\/tags?post=12323"}],"curies":[{"name":"wp","href":"https:\/\/api.w.org\/{rel}","templated":true}]}}