{"id":12319,"date":"2024-03-19T09:41:46","date_gmt":"2024-03-19T09:41:46","guid":{"rendered":"https:\/\/esteribar.org\/esteribar.esp\/?p=12319"},"modified":"2024-03-19T09:41:46","modified_gmt":"2024-03-19T09:41:46","slug":"era-eskola-iii-formacion-online-para-padres-y-madres","status":"publish","type":"post","link":"https:\/\/www.esteribar.org\/esteribar.esp\/era-eskola-iii-formacion-online-para-padres-y-madres\/","title":{"rendered":"ERA ESKOLA III, FORMACI\u00d3N ONLINE PARA PADRES Y MADRES"},"content":{"rendered":"<div class=\"vc_row wpb_row vc_row-fluid\"><div class=\"wpb_column vc_column_container vc_col-sm-12\"><div class=\"vc_column-inner\"><div class=\"wpb_wrapper\">\n\t<div  class=\"wpb_single_image wpb_content_element vc_align_center ovic_vc_custom_65f95dda29e55\">\n\t\t\n\t\t<figure class=\"wpb_wrapper vc_figure\">\n\t\t\t<div class=\"vc_single_image-wrapper   vc_box_border_grey\"><img loading=\"lazy\" decoding=\"async\" width=\"1414\" height=\"2000\" src=\"https:\/\/www.esteribar.org\/esteribar.esp\/wp-content\/uploads\/2024\/03\/ERA-Eskolak-2023-hizlariak-gurasoentzako-trebakuntza-online.jpg\" class=\"vc_single_image-img attachment-full\" alt=\"\" srcset=\"https:\/\/www.esteribar.org\/esteribar.esp\/wp-content\/uploads\/2024\/03\/ERA-Eskolak-2023-hizlariak-gurasoentzako-trebakuntza-online.jpg 1414w, https:\/\/www.esteribar.org\/esteribar.esp\/wp-content\/uploads\/2024\/03\/ERA-Eskolak-2023-hizlariak-gurasoentzako-trebakuntza-online-600x849.jpg 600w, https:\/\/www.esteribar.org\/esteribar.esp\/wp-content\/uploads\/2024\/03\/ERA-Eskolak-2023-hizlariak-gurasoentzako-trebakuntza-online-212x300.jpg 212w, https:\/\/www.esteribar.org\/esteribar.esp\/wp-content\/uploads\/2024\/03\/ERA-Eskolak-2023-hizlariak-gurasoentzako-trebakuntza-online-724x1024.jpg 724w, https:\/\/www.esteribar.org\/esteribar.esp\/wp-content\/uploads\/2024\/03\/ERA-Eskolak-2023-hizlariak-gurasoentzako-trebakuntza-online-768x1086.jpg 768w, https:\/\/www.esteribar.org\/esteribar.esp\/wp-content\/uploads\/2024\/03\/ERA-Eskolak-2023-hizlariak-gurasoentzako-trebakuntza-online-1086x1536.jpg 1086w\" sizes=\"auto, (max-width: 1414px) 100vw, 1414px\" \/><\/div>\n\t\t<\/figure>\n\t<\/div>\n<\/div><\/div><\/div><\/div><div class=\"vc_row wpb_row vc_row-fluid\"><div class=\"wpb_column vc_column_container vc_col-sm-12\"><div class=\"vc_column-inner\"><div class=\"wpb_wrapper\">\n\t<div class=\"wpb_text_column wpb_content_element ovic_vc_custom_65f95dda29e5a \" >\n\t\t<div class=\"wpb_wrapper\">\n\t\t\t<p>Euskarabidea y los servicios de euskera de las entidades locales han organizado la III edici\u00f3n de ERA Eskola, formaci\u00f3n para padres y madres. En esta edici\u00f3n tambi\u00e9n se han organizado tres sesiones dirigidas a padres y madres de ni\u00f1os y ni\u00f1as que aprenden euskera.<\/p>\n<p>En <a href=\"https:\/\/eranafarroa.eus\/es\/iii-era-eskola-escuela-online-de-padres-y-madres\/\">esta edici\u00f3n<\/a> se han tratado los siguientes temas:<\/p>\n<ul>\n<li>\u201cEducaci\u00f3n intercultural. El euskera y las lenguas de las familias\u201d, de la mano de Amelia Barquin.<\/li>\n<li>\u201c\u00bfC\u00f3mo conseguir un mayor uso del euskera en nuestro entorno?\u201d, de la mano del ponente Kike Amonarriz.\u201d<\/li>\n<li>\u201cPromoci\u00f3n del euskera en la transici\u00f3n a la adolescencia\u201d por la ponente Nerea Permach.<\/li>\n<\/ul>\n<p>Las sesiones est\u00e1n en euskera y castellano para ofrecer informaci\u00f3n adaptada a los padres-madres que saben euskera y a quienes no saben euskera y est\u00e1n disponibles en el canal YouTube de era.eus: <a href=\"http:\/\/www.youtube.com\/c\/EraNafarroa\/\">http:\/\/www.youtube.com\/c\/EraNafarroa\/<\/a> Si se quiere escuchar en formato podcast, en ERA.eus hay dos Playlist del canal Youtube, una con <a href=\"https:\/\/www.youtube.com\/playlist?list=PLbrboM0xV3HbCO6nTy8sH9WAQPA_mfRKE\">charlas en euskera<\/a> y otra en castellano.<\/p>\n<p><strong>Escuela dirigida padres y madres <\/strong><\/p>\n<p>En 2020, el proyecto Era Eskola nace con el objetivo de informar a los padres y madres de los ni\u00f1os y ni\u00f1as que aprenden euskera, ofreciendo formaci\u00f3n online a sus familias. Las sesiones de formaci\u00f3n que se imparten est\u00e1n dirigidas a ofrecer informaci\u00f3n y recursos \u00fatiles. Ya que los padres y madres toman constantemente decisiones para garantizas el bienestar de sus txikis respecto a la alimentaci\u00f3n, las rutinas de sue\u00f1o, los l\u00edmites\u2026 tambi\u00e9n surgen dudas sobre c\u00f3mo fomentar el aprendizaje y uso del euskera en el seno familiar, y este es el objetivo de ERA eskola.<\/p>\n<p>M\u00e1s informaci\u00f3n \u00fatil y recursos para padres y madres:\u00a0\u00a0<a href=\"https:\/\/eranafarroa.eus\/es\/recursos\/consejos-para-madres-padres\/\">https:\/\/eranafarroa.eus\/es\/recursos\/consejos-para-madres-padres\/<\/a><\/p>\n\n\t\t<\/div>\n\t<\/div>\n<\/div><\/div><\/div><\/div>\n","protected":false},"excerpt":{"rendered":"Euskarabidea y los servicios de euskera de las entidades locales han organizado la III edici\u00f3n de ERA Eskola, formaci\u00f3n para padres y madres. En esta edici\u00f3n tambi\u00e9n se han organizado tres sesiones dirigidas a padres y madres de ni\u00f1os y ni\u00f1as que aprenden euskera. En esta edici\u00f3n se han tratado los siguientes temas: \u201cEducaci\u00f3n intercultural. [...]","protected":false},"author":2,"featured_media":12320,"comment_status":"closed","ping_status":"closed","sticky":false,"template":"","format":"standard","meta":{"footnotes":""},"categories":[165,194],"tags":[],"class_list":["post-12319","post","type-post","status-publish","format-standard","has-post-thumbnail","hentry","category-noticias-avisos","category-servicio-euskera"],"_links":{"self":[{"href":"https:\/\/www.esteribar.org\/esteribar.esp\/wp-json\/wp\/v2\/posts\/12319","targetHints":{"allow":["GET"]}}],"collection":[{"href":"https:\/\/www.esteribar.org\/esteribar.esp\/wp-json\/wp\/v2\/posts"}],"about":[{"href":"https:\/\/www.esteribar.org\/esteribar.esp\/wp-json\/wp\/v2\/types\/post"}],"author":[{"embeddable":true,"href":"https:\/\/www.esteribar.org\/esteribar.esp\/wp-json\/wp\/v2\/users\/2"}],"replies":[{"embeddable":true,"href":"https:\/\/www.esteribar.org\/esteribar.esp\/wp-json\/wp\/v2\/comments?post=12319"}],"version-history":[{"count":1,"href":"https:\/\/www.esteribar.org\/esteribar.esp\/wp-json\/wp\/v2\/posts\/12319\/revisions"}],"predecessor-version":[{"id":12321,"href":"https:\/\/www.esteribar.org\/esteribar.esp\/wp-json\/wp\/v2\/posts\/12319\/revisions\/12321"}],"wp:featuredmedia":[{"embeddable":true,"href":"https:\/\/www.esteribar.org\/esteribar.esp\/wp-json\/wp\/v2\/media\/12320"}],"wp:attachment":[{"href":"https:\/\/www.esteribar.org\/esteribar.esp\/wp-json\/wp\/v2\/media?parent=12319"}],"wp:term":[{"taxonomy":"category","embeddable":true,"href":"https:\/\/www.esteribar.org\/esteribar.esp\/wp-json\/wp\/v2\/categories?post=12319"},{"taxonomy":"post_tag","embeddable":true,"href":"https:\/\/www.esteribar.org\/esteribar.esp\/wp-json\/wp\/v2\/tags?post=12319"}],"curies":[{"name":"wp","href":"https:\/\/api.w.org\/{rel}","templated":true}]}}