{"id":11976,"date":"2023-09-04T11:28:16","date_gmt":"2023-09-04T11:28:16","guid":{"rendered":"http:\/\/esteribar.org\/esteribar.esp\/?p=11976"},"modified":"2023-09-04T11:31:23","modified_gmt":"2023-09-04T11:31:23","slug":"este-curso-aprende-euskera-y-pasa-de-nivel-en-zubiri-y-olloki","status":"publish","type":"post","link":"https:\/\/www.esteribar.org\/esteribar.esp\/este-curso-aprende-euskera-y-pasa-de-nivel-en-zubiri-y-olloki\/","title":{"rendered":"ESTE CURSO \u2018APRENDE EUSKERA Y PASA DE NIVEL\u2019 EN ZUBIRI Y OLLOKI"},"content":{"rendered":"<div class=\"vc_row wpb_row vc_row-fluid\"><div class=\"wpb_column vc_column_container vc_col-sm-12\"><div class=\"vc_column-inner\"><div class=\"wpb_wrapper\">\n\t<div  class=\"wpb_single_image wpb_content_element vc_align_center ovic_vc_custom_64f5c00b8013a\">\n\t\t\n\t\t<figure class=\"wpb_wrapper vc_figure\">\n\t\t\t<div class=\"vc_single_image-wrapper   vc_box_border_grey\"><img loading=\"lazy\" decoding=\"async\" width=\"1137\" height=\"1600\" src=\"https:\/\/www.esteribar.org\/esteribar.esp\/wp-content\/uploads\/2023\/09\/AEK-Esteribar-2023_2024.jpg\" class=\"vc_single_image-img attachment-full\" alt=\"\" srcset=\"https:\/\/www.esteribar.org\/esteribar.esp\/wp-content\/uploads\/2023\/09\/AEK-Esteribar-2023_2024.jpg 1137w, https:\/\/www.esteribar.org\/esteribar.esp\/wp-content\/uploads\/2023\/09\/AEK-Esteribar-2023_2024-600x844.jpg 600w, https:\/\/www.esteribar.org\/esteribar.esp\/wp-content\/uploads\/2023\/09\/AEK-Esteribar-2023_2024-213x300.jpg 213w, https:\/\/www.esteribar.org\/esteribar.esp\/wp-content\/uploads\/2023\/09\/AEK-Esteribar-2023_2024-728x1024.jpg 728w, https:\/\/www.esteribar.org\/esteribar.esp\/wp-content\/uploads\/2023\/09\/AEK-Esteribar-2023_2024-768x1081.jpg 768w, https:\/\/www.esteribar.org\/esteribar.esp\/wp-content\/uploads\/2023\/09\/AEK-Esteribar-2023_2024-1092x1536.jpg 1092w\" sizes=\"auto, (max-width: 1137px) 100vw, 1137px\" \/><\/div>\n\t\t<\/figure>\n\t<\/div>\n<\/div><\/div><\/div><\/div><div class=\"vc_row wpb_row vc_row-fluid\"><div class=\"wpb_column vc_column_container vc_col-sm-12\"><div class=\"vc_column-inner\"><div class=\"wpb_wrapper\">\n\t<div class=\"wpb_text_column wpb_content_element ovic_vc_custom_64f5c00b8013c \" >\n\t\t<div class=\"wpb_wrapper\">\n\t\t\t<p>El Gobierno de Navarra, las entidades locales y los agentes sociales que ense\u00f1an euskera a las personas adultas han presentado la campa\u00f1a \u2018Euskara ahora\u2019 para fomentar el aprendizaje de las personas adultas. En Esteribar, se ofrecer\u00e1n clases de euskera en Zubiri y Olloki.<\/p>\n<p>Este curso, afronta el reto \u00a1y sup\u00e9rate! Ampl\u00eda tus posibilidades acad\u00e9micas y laborales, conoce gente nueva con la que compartir un nuevo idioma, recup\u00e9ralo y mejora si lo estudiaste en el colegio, disfruta a\u00fan m\u00e1s de la m\u00fasica euskaldun, descubre la literatura en esta lengua\u2026<\/p>\n<p>Aprende a tu ritmo, con la oportunidad de practicar en tu vida cotidiana, con el apoyo de un profesorado implicado y de toda una comunidad euskaldun que va a acompa\u00f1arte para avanzar y a disfrutar de tu proceso de aprendizaje.<\/p>\n<p>Al igual que los anteriores a\u00f1os, AEK ofrecer\u00e1 clases en el valle, en Zubiri y en Olloki. A\u00fan no se han establecido grupos ni horarios concretos, pero si te interesa recibir informaci\u00f3n, ponte en contacto con el servicio de euskera del Ayuntamiento (618 757 377 o <a href=\"euskara@esteribar.org\">euskara@esteribar.org<\/a>) o si puedes, acude a la reuni\u00f3n informativa del 11 de septiembre a las 19:00 en la ludoteca de Zubiri.<\/p>\n<p>Vamos a ayudarte a pasar de nivel porque \u00a1este es tu a\u00f1o!<\/p>\n<p>M\u00e1s informaci\u00f3n:\u00a0<a href=\"https:\/\/www.euskarabidea.es\/castellano\/noticias\/el-gobierno-de-navarra-las-entidades-locales-y-agentes-sociales-del-ambito-de-la-ensenanza-de-euskera-a-personas-adultas-presentan-la-campana-euskera-ahora-para-fomentar-su-aprendizaje\">https:\/\/www.euskarabidea.es\/castellano\/noticias\/el-gobierno-de-navarra-las-entidades-locales-y-agentes-sociales-del-ambito-de-la-ensenanza-de-euskera-a-personas-adultas-presentan-la-campana-euskera-ahora-para-fomentar-su-aprendizaje<\/a><\/p>\n\n\t\t<\/div>\n\t<\/div>\n<\/div><\/div><\/div><\/div>\n","protected":false},"excerpt":{"rendered":"El Gobierno de Navarra, las entidades locales y los agentes sociales que ense\u00f1an euskera a las personas adultas han presentado la campa\u00f1a \u2018Euskara ahora\u2019 para fomentar el aprendizaje de las personas adultas. En Esteribar, se ofrecer\u00e1n clases de euskera en Zubiri y Olloki. Este curso, afronta el reto \u00a1y sup\u00e9rate! Ampl\u00eda tus posibilidades acad\u00e9micas y [...]","protected":false},"author":2,"featured_media":11977,"comment_status":"closed","ping_status":"closed","sticky":false,"template":"","format":"standard","meta":{"footnotes":""},"categories":[165,194],"tags":[],"class_list":["post-11976","post","type-post","status-publish","format-standard","has-post-thumbnail","hentry","category-noticias-avisos","category-servicio-euskera"],"_links":{"self":[{"href":"https:\/\/www.esteribar.org\/esteribar.esp\/wp-json\/wp\/v2\/posts\/11976","targetHints":{"allow":["GET"]}}],"collection":[{"href":"https:\/\/www.esteribar.org\/esteribar.esp\/wp-json\/wp\/v2\/posts"}],"about":[{"href":"https:\/\/www.esteribar.org\/esteribar.esp\/wp-json\/wp\/v2\/types\/post"}],"author":[{"embeddable":true,"href":"https:\/\/www.esteribar.org\/esteribar.esp\/wp-json\/wp\/v2\/users\/2"}],"replies":[{"embeddable":true,"href":"https:\/\/www.esteribar.org\/esteribar.esp\/wp-json\/wp\/v2\/comments?post=11976"}],"version-history":[{"count":2,"href":"https:\/\/www.esteribar.org\/esteribar.esp\/wp-json\/wp\/v2\/posts\/11976\/revisions"}],"predecessor-version":[{"id":11979,"href":"https:\/\/www.esteribar.org\/esteribar.esp\/wp-json\/wp\/v2\/posts\/11976\/revisions\/11979"}],"wp:featuredmedia":[{"embeddable":true,"href":"https:\/\/www.esteribar.org\/esteribar.esp\/wp-json\/wp\/v2\/media\/11977"}],"wp:attachment":[{"href":"https:\/\/www.esteribar.org\/esteribar.esp\/wp-json\/wp\/v2\/media?parent=11976"}],"wp:term":[{"taxonomy":"category","embeddable":true,"href":"https:\/\/www.esteribar.org\/esteribar.esp\/wp-json\/wp\/v2\/categories?post=11976"},{"taxonomy":"post_tag","embeddable":true,"href":"https:\/\/www.esteribar.org\/esteribar.esp\/wp-json\/wp\/v2\/tags?post=11976"}],"curies":[{"name":"wp","href":"https:\/\/api.w.org\/{rel}","templated":true}]}}