{"id":11434,"date":"2022-09-06T08:35:58","date_gmt":"2022-09-06T08:35:58","guid":{"rendered":"http:\/\/esteribar.org\/esteribar.esp\/?p=11434"},"modified":"2022-09-07T06:21:29","modified_gmt":"2022-09-07T06:21:29","slug":"lanzan-la-campana-euskera-ahora-para-animar-a-las-personas-adultas-y-jovenes-a-aprender-euskera-2","status":"publish","type":"post","link":"https:\/\/www.esteribar.org\/esteribar.esp\/lanzan-la-campana-euskera-ahora-para-animar-a-las-personas-adultas-y-jovenes-a-aprender-euskera-2\/","title":{"rendered":"Lanzan la campa\u00f1a \u201cEUSKERA AHORA\u201d para animar a las personas adultas y j\u00f3venes a aprender euskera"},"content":{"rendered":"<div class=\"vc_row wpb_row vc_row-fluid\"><div class=\"wpb_column vc_column_container vc_col-sm-12\"><div class=\"vc_column-inner\"><div class=\"wpb_wrapper\">\n\t<div class=\"wpb_text_column wpb_content_element ovic_vc_custom_631838695b892 \" >\n\t\t<div class=\"wpb_wrapper\">\n\t\t\t<p>Coincidiendo con la apertura del plazo de inscripci\u00f3n para los cursos de euskera, el Gobierno de Navarra, las entidades locales y los euskaltegis han presentado la campa\u00f1a &#8216;Euskara ahora&#8217;, con el objetivo de animar a las personas adultas y j\u00f3venes a aprender euskera. La campa\u00f1a pretende presentar el aprendizaje del euskera como una opci\u00f3n atractiva, destacando que el euskera es una herramienta para ofrecer nuevas vivencias y ampliar oportunidades. Toda la informaci\u00f3n en <em><a href=\"http:\/\/www.aprendeeuskera.navarra.es\">http:\/\/www.aprendeeuskera.navarra.es<\/a><\/em><\/p>\n<p><em><strong><a href=\"https:\/\/www.youtube.com\/embed\/FzcqAssdoKo\">https:\/\/www.youtube.com\/embed\/FzcqAssdoKo<\/a><\/strong><\/em><\/p>\n<p>&nbsp;<\/p>\n<p>Con el objetivo de avanzar hacia la gratuidad de la ense\u00f1anza en euskera, teniendo en cuenta el derecho de la ciudadan\u00eda a conocer la lengua propia, el Gobierno de Navarra ha incrementado las cantidades destinadas a ayudas individuales para personas adultas, as\u00ed como la convocatoria de ayudas para euskaltegis.<\/p>\n<p>Euskarabidea ha presentado la convocatoria de ayudas al alumnado para la realizaci\u00f3n de cursos extensivos, intensivos, barnetegis y cursos de autoaprendizaje de cara al curso 2022-2023. Las personas que se matriculen en estos cursos podr\u00e1n acceder a ayudas de hasta 380 euros que, adem\u00e1s, son compatibles con las que ofrecen las entidades locales. El plazo para solicitar las ayudas para aprender euskera en Euskarabide para el curso 2022-2023 se abrir\u00e1 el 1 de octubre y finalizar\u00e1 el 30 de noviembre.<\/p>\n<p>El Ayuntamiento de Esteribar ofrece tambi\u00e9n una subvenci\u00f3n a las personas del valle, que es complementaria con la que aporta el Gobierno de Navarra. El plazo para solicitar la subvenci\u00f3n municipal finaliza el 16 de septiembre (correspondiente al curso 2021-2022). Consulta las bases aqu\u00ed:\u00a0<em><a href=\"https:\/\/www.esteribar.org\/documentos\/subvenciones\/euskara.ikasi.2022.pdf\">https:\/\/www.esteribar.org\/documentos\/subvenciones\/euskara.ikasi.2022.pdf<\/a><\/em><\/p>\n<p>M\u00e1s informaci\u00f3n:\u00a0<em><a href=\"http:\/\/www.aprendeeuskera.navarra.es\">http:\/\/www.aprendeeuskera.navarra.es<\/a><\/em> y\u00a0<em><a href=\"https:\/\/elaide.eus\/es\">https:\/\/elaide.eus\/es<\/a><\/em><\/p>\n<p>&nbsp;<\/p>\n\n\t\t<\/div>\n\t<\/div>\n\n\t<div  class=\"wpb_single_image wpb_content_element vc_align_center ovic_vc_custom_631838695b895\">\n\t\t\n\t\t<figure class=\"wpb_wrapper vc_figure\">\n\t\t\t<div class=\"vc_single_image-wrapper   vc_box_border_grey\"><img loading=\"lazy\" decoding=\"async\" width=\"1169\" height=\"1653\" src=\"https:\/\/www.esteribar.org\/esteribar.esp\/wp-content\/uploads\/2022\/09\/A3-Euskera-Ahora.jpg\" class=\"vc_single_image-img attachment-full\" alt=\"\" srcset=\"https:\/\/www.esteribar.org\/esteribar.esp\/wp-content\/uploads\/2022\/09\/A3-Euskera-Ahora.jpg 1169w, https:\/\/www.esteribar.org\/esteribar.esp\/wp-content\/uploads\/2022\/09\/A3-Euskera-Ahora-600x848.jpg 600w, https:\/\/www.esteribar.org\/esteribar.esp\/wp-content\/uploads\/2022\/09\/A3-Euskera-Ahora-212x300.jpg 212w, https:\/\/www.esteribar.org\/esteribar.esp\/wp-content\/uploads\/2022\/09\/A3-Euskera-Ahora-724x1024.jpg 724w, https:\/\/www.esteribar.org\/esteribar.esp\/wp-content\/uploads\/2022\/09\/A3-Euskera-Ahora-768x1086.jpg 768w, https:\/\/www.esteribar.org\/esteribar.esp\/wp-content\/uploads\/2022\/09\/A3-Euskera-Ahora-1086x1536.jpg 1086w\" sizes=\"auto, (max-width: 1169px) 100vw, 1169px\" \/><\/div>\n\t\t<\/figure>\n\t<\/div>\n<\/div><\/div><\/div><\/div><div class=\"vc_row wpb_row vc_row-fluid\"><div class=\"wpb_column vc_column_container vc_col-sm-12\"><div class=\"vc_column-inner\"><div class=\"wpb_wrapper\"><\/div><\/div><\/div><\/div>\n","protected":false},"excerpt":{"rendered":"Coincidiendo con la apertura del plazo de inscripci\u00f3n para los cursos de euskera, el Gobierno de Navarra, las entidades locales y los euskaltegis han presentado la campa\u00f1a 'Euskara ahora', con el objetivo de animar a las personas adultas y j\u00f3venes a aprender euskera. La campa\u00f1a pretende presentar el aprendizaje del euskera como una opci\u00f3n atractiva, [...]","protected":false},"author":2,"featured_media":11431,"comment_status":"closed","ping_status":"closed","sticky":false,"template":"","format":"standard","meta":{"footnotes":""},"categories":[165,194],"tags":[],"class_list":["post-11434","post","type-post","status-publish","format-standard","has-post-thumbnail","hentry","category-noticias-avisos","category-servicio-euskera"],"_links":{"self":[{"href":"https:\/\/www.esteribar.org\/esteribar.esp\/wp-json\/wp\/v2\/posts\/11434","targetHints":{"allow":["GET"]}}],"collection":[{"href":"https:\/\/www.esteribar.org\/esteribar.esp\/wp-json\/wp\/v2\/posts"}],"about":[{"href":"https:\/\/www.esteribar.org\/esteribar.esp\/wp-json\/wp\/v2\/types\/post"}],"author":[{"embeddable":true,"href":"https:\/\/www.esteribar.org\/esteribar.esp\/wp-json\/wp\/v2\/users\/2"}],"replies":[{"embeddable":true,"href":"https:\/\/www.esteribar.org\/esteribar.esp\/wp-json\/wp\/v2\/comments?post=11434"}],"version-history":[{"count":3,"href":"https:\/\/www.esteribar.org\/esteribar.esp\/wp-json\/wp\/v2\/posts\/11434\/revisions"}],"predecessor-version":[{"id":11439,"href":"https:\/\/www.esteribar.org\/esteribar.esp\/wp-json\/wp\/v2\/posts\/11434\/revisions\/11439"}],"wp:featuredmedia":[{"embeddable":true,"href":"https:\/\/www.esteribar.org\/esteribar.esp\/wp-json\/wp\/v2\/media\/11431"}],"wp:attachment":[{"href":"https:\/\/www.esteribar.org\/esteribar.esp\/wp-json\/wp\/v2\/media?parent=11434"}],"wp:term":[{"taxonomy":"category","embeddable":true,"href":"https:\/\/www.esteribar.org\/esteribar.esp\/wp-json\/wp\/v2\/categories?post=11434"},{"taxonomy":"post_tag","embeddable":true,"href":"https:\/\/www.esteribar.org\/esteribar.esp\/wp-json\/wp\/v2\/tags?post=11434"}],"curies":[{"name":"wp","href":"https:\/\/api.w.org\/{rel}","templated":true}]}}