{"id":11065,"date":"2022-02-24T11:25:32","date_gmt":"2022-02-24T11:25:32","guid":{"rendered":"http:\/\/esteribar.org\/esteribar.esp\/?p=11065"},"modified":"2022-02-24T11:39:30","modified_gmt":"2022-02-24T11:39:30","slug":"prematricula-para-el-curso-2022-2023-colegio-publico-gloria-larrainzar","status":"publish","type":"post","link":"https:\/\/www.esteribar.org\/esteribar.esp\/prematricula-para-el-curso-2022-2023-colegio-publico-gloria-larrainzar\/","title":{"rendered":"PREMATR\u00cdCULA PARA EL CURSO 2022-2023 COLEGIO PUBLICO GLORIA LARRAINZAR"},"content":{"rendered":"<div class=\"vc_row wpb_row vc_row-fluid\"><div class=\"wpb_column vc_column_container vc_col-sm-12\"><div class=\"vc_column-inner\"><div class=\"wpb_wrapper\">\n\t<div  class=\"wpb_single_image wpb_content_element vc_align_center ovic_vc_custom_62176e72d393a\">\n\t\t\n\t\t<figure class=\"wpb_wrapper vc_figure\">\n\t\t\t<div class=\"vc_single_image-wrapper   vc_box_border_grey\"><img loading=\"lazy\" decoding=\"async\" width=\"842\" height=\"1192\" src=\"https:\/\/www.esteribar.org\/esteribar.esp\/wp-content\/uploads\/2022\/02\/A3_SOY_dela_Publica_CAST_.jpg\" class=\"vc_single_image-img attachment-full\" alt=\"\" srcset=\"https:\/\/www.esteribar.org\/esteribar.esp\/wp-content\/uploads\/2022\/02\/A3_SOY_dela_Publica_CAST_.jpg 842w, https:\/\/www.esteribar.org\/esteribar.esp\/wp-content\/uploads\/2022\/02\/A3_SOY_dela_Publica_CAST_-600x849.jpg 600w, https:\/\/www.esteribar.org\/esteribar.esp\/wp-content\/uploads\/2022\/02\/A3_SOY_dela_Publica_CAST_-212x300.jpg 212w, https:\/\/www.esteribar.org\/esteribar.esp\/wp-content\/uploads\/2022\/02\/A3_SOY_dela_Publica_CAST_-723x1024.jpg 723w, https:\/\/www.esteribar.org\/esteribar.esp\/wp-content\/uploads\/2022\/02\/A3_SOY_dela_Publica_CAST_-768x1087.jpg 768w\" sizes=\"auto, (max-width: 842px) 100vw, 842px\" \/><\/div>\n\t\t<\/figure>\n\t<\/div>\n<\/div><\/div><\/div><\/div><div class=\"vc_row wpb_row vc_row-fluid\"><div class=\"wpb_column vc_column_container vc_col-sm-12\"><div class=\"vc_column-inner\"><div class=\"wpb_wrapper\">\n\t<div class=\"wpb_text_column wpb_content_element ovic_vc_custom_62176e72d393e \" >\n\t\t<div class=\"wpb_wrapper\">\n\t\t\t<p>La escuela del valle CP Gloria Larrainzar ha organizado una reuni\u00f3n informativa y visita del centro escolar el lunes 7 de marzo.<\/p>\n<p>Con el lema <strong>\u201cYo soy de la P\u00fablica, La Escuela que quieres crear\u201d<\/strong> El departamento de Educaci\u00f3n ha avanzado ya que la campa\u00f1a de prescripci\u00f3n para el pr\u00f3ximo curso 2022-2023 ser\u00e1 del lunes 7 al viernes, 11 de marzo.<\/p>\n<p>Por ello, la escuela p\u00fablica Gloria Larrainzar de Zubiri ha organizado una reuni\u00f3n informativa y visita al centro el lunes d\u00eda 7 a las 15:30. (Es necesario confirmar asistencia a la direcci\u00f3n mail cpzubiri@educacion.navarra.es).<\/p>\n<p>Para cualquier duda pod\u00e9is contactar con el equipo directivo del centro en el tel\u00e9fono 948 30 45 13.<\/p>\n<p>M\u00e1s informaci\u00f3n: <a href=\"https:\/\/preinscripcion.navarra.es\/es\/web\/prematricula\/inicio\">https:\/\/preinscripcion.navarra.es\/es\/web\/prematricula\/inicio<\/a><\/p>\n<p><strong><a href=\"http:\/\/esteribar.org\/esteribar.esp\/wp-content\/uploads\/2022\/02\/Gloria-Larrainzar-IP-triptikoa.pdf\">CP Gloria Larrainzar-tr\u00edptico<\/a><\/strong><\/p>\n\n\t\t<\/div>\n\t<\/div>\n<\/div><\/div><\/div><\/div>\n","protected":false},"excerpt":{"rendered":"La escuela del valle CP Gloria Larrainzar ha organizado una reuni\u00f3n informativa y visita del centro escolar el lunes 7 de marzo. Con el lema \u201cYo soy de la P\u00fablica, La Escuela que quieres crear\u201d El departamento de Educaci\u00f3n ha avanzado ya que la campa\u00f1a de prescripci\u00f3n para el pr\u00f3ximo curso 2022-2023 ser\u00e1 del lunes [...]","protected":false},"author":2,"featured_media":0,"comment_status":"closed","ping_status":"closed","sticky":false,"template":"","format":"standard","meta":{"footnotes":""},"categories":[165],"tags":[],"class_list":["post-11065","post","type-post","status-publish","format-standard","hentry","category-noticias-avisos"],"_links":{"self":[{"href":"https:\/\/www.esteribar.org\/esteribar.esp\/wp-json\/wp\/v2\/posts\/11065","targetHints":{"allow":["GET"]}}],"collection":[{"href":"https:\/\/www.esteribar.org\/esteribar.esp\/wp-json\/wp\/v2\/posts"}],"about":[{"href":"https:\/\/www.esteribar.org\/esteribar.esp\/wp-json\/wp\/v2\/types\/post"}],"author":[{"embeddable":true,"href":"https:\/\/www.esteribar.org\/esteribar.esp\/wp-json\/wp\/v2\/users\/2"}],"replies":[{"embeddable":true,"href":"https:\/\/www.esteribar.org\/esteribar.esp\/wp-json\/wp\/v2\/comments?post=11065"}],"version-history":[{"count":3,"href":"https:\/\/www.esteribar.org\/esteribar.esp\/wp-json\/wp\/v2\/posts\/11065\/revisions"}],"predecessor-version":[{"id":11070,"href":"https:\/\/www.esteribar.org\/esteribar.esp\/wp-json\/wp\/v2\/posts\/11065\/revisions\/11070"}],"wp:attachment":[{"href":"https:\/\/www.esteribar.org\/esteribar.esp\/wp-json\/wp\/v2\/media?parent=11065"}],"wp:term":[{"taxonomy":"category","embeddable":true,"href":"https:\/\/www.esteribar.org\/esteribar.esp\/wp-json\/wp\/v2\/categories?post=11065"},{"taxonomy":"post_tag","embeddable":true,"href":"https:\/\/www.esteribar.org\/esteribar.esp\/wp-json\/wp\/v2\/tags?post=11065"}],"curies":[{"name":"wp","href":"https:\/\/api.w.org\/{rel}","templated":true}]}}