{"id":10637,"date":"2021-10-04T12:00:30","date_gmt":"2021-10-04T12:00:30","guid":{"rendered":"http:\/\/esteribar.org\/esteribar.esp\/?p=10637"},"modified":"2021-10-04T12:01:39","modified_gmt":"2021-10-04T12:01:39","slug":"ii-era-eskola-en-octubre-escuela-online-de-padres-y-madres","status":"publish","type":"post","link":"https:\/\/www.esteribar.org\/esteribar.esp\/ii-era-eskola-en-octubre-escuela-online-de-padres-y-madres\/","title":{"rendered":"II. ERA Eskola en octubre, escuela online de padres y madres"},"content":{"rendered":"<div class=\"vc_row wpb_row vc_row-fluid\"><div class=\"wpb_column vc_column_container vc_col-sm-12\"><div class=\"vc_column-inner\"><div class=\"wpb_wrapper\">\n\t<div  class=\"wpb_single_image wpb_content_element vc_align_center ovic_vc_custom_615aed23c4513\">\n\t\t\n\t\t<figure class=\"wpb_wrapper vc_figure\">\n\t\t\t<div class=\"vc_single_image-wrapper   vc_box_border_grey\"><img loading=\"lazy\" decoding=\"async\" width=\"1754\" height=\"2481\" src=\"https:\/\/www.esteribar.org\/esteribar.esp\/wp-content\/uploads\/2021\/10\/ERA-eskola-kartel-orokorra.jpg\" class=\"vc_single_image-img attachment-full\" alt=\"\" srcset=\"https:\/\/www.esteribar.org\/esteribar.esp\/wp-content\/uploads\/2021\/10\/ERA-eskola-kartel-orokorra.jpg 1754w, https:\/\/www.esteribar.org\/esteribar.esp\/wp-content\/uploads\/2021\/10\/ERA-eskola-kartel-orokorra-600x849.jpg 600w, https:\/\/www.esteribar.org\/esteribar.esp\/wp-content\/uploads\/2021\/10\/ERA-eskola-kartel-orokorra-212x300.jpg 212w, https:\/\/www.esteribar.org\/esteribar.esp\/wp-content\/uploads\/2021\/10\/ERA-eskola-kartel-orokorra-724x1024.jpg 724w, https:\/\/www.esteribar.org\/esteribar.esp\/wp-content\/uploads\/2021\/10\/ERA-eskola-kartel-orokorra-768x1086.jpg 768w, https:\/\/www.esteribar.org\/esteribar.esp\/wp-content\/uploads\/2021\/10\/ERA-eskola-kartel-orokorra-1086x1536.jpg 1086w, https:\/\/www.esteribar.org\/esteribar.esp\/wp-content\/uploads\/2021\/10\/ERA-eskola-kartel-orokorra-1448x2048.jpg 1448w\" sizes=\"auto, (max-width: 1754px) 100vw, 1754px\" \/><\/div>\n\t\t<\/figure>\n\t<\/div>\n<\/div><\/div><\/div><\/div><div class=\"vc_row wpb_row vc_row-fluid\"><div class=\"wpb_column vc_column_container vc_col-sm-12\"><div class=\"vc_column-inner\"><div class=\"wpb_wrapper\">\n\t<div class=\"wpb_text_column wpb_content_element ovic_vc_custom_615aed23c4517 \" >\n\t\t<div class=\"wpb_wrapper\">\n\t\t\t<p>En esta segunda edici\u00f3n de <strong>ERA Eskola<\/strong> ser\u00e1n tres las ponentes y cada conferencia se emitir\u00e1 en el <strong>canal de YouTube de ERA.eus, <\/strong><a href=\"http:\/\/www.youtube.com\/c\/EraNafarroa\/\">www.youtube.com\/c\/EraNafarroa\/<\/a> : Paula Kasares abrir\u00e1 el ciclo el <strong>6 de octubre<\/strong>, Yolanda Olasagarre seguir\u00e1 el <strong>13<\/strong> e Intza Alkain lo cerrar\u00e1 el <strong>20<\/strong> <strong>de octubre<\/strong>. Todas ellas se emitir\u00e1n <strong>en euskera y castellano<\/strong> simult\u00e1neamente, y el propio contenido se adaptar\u00e1 al perfil ling\u00fc\u00edstico de la audiencia.<\/p>\n<p><strong>-6 de octubre, mi\u00e9rcoles: \u201cFamilia: beneficios y modos de acompa\u00f1ar a los ni\u00f1os\/as en su aprendizaje del euskera\u201d.<\/strong><\/p>\n<p><strong>-13 de octubre, mi\u00e9rcoles: \u201cLa familia y la escuela en la misma direcci\u00f3n y sinton\u00eda\u201d.<\/strong><\/p>\n<p><strong>-20 de octubre, mi\u00e9rcoles \u201cAnimar a la lectura en euskera: claves y din\u00e1micas para las familias\u201d.<\/strong><\/p>\n<p>M\u00e1s informaci\u00f3n: <a href=\"https:\/\/eranafarroa.eus\/es\/ii-era-eskola-en-octubre-escuela-online-de-padres-y-madres\/\">https:\/\/eranafarroa.eus\/es\/ii-era-eskola-en-octubre-escuela-online-de-padres-y-madres\/<\/a><\/p>\n<p><a href=\"http:\/\/www.eranafarroa.eus\/es\">www.eranafarroa.eus\/es<\/a> es un portal creado por los servicios de euskera de las entidades locales y en ella encontramos recursos para familias de ni\u00f1as y ni\u00f1os de 0 a 12 a\u00f1os. \u00bfPara qu\u00e9? Para acompa\u00f1ar a las hijas e hijos en el proceso de aprendizaje: para que aprendan a desenvolverse en cualquier registro o situaci\u00f3n, para que adquieran seguridad y soltura, y por supuesto, para que disfruten con el euskera.<\/p>\n\n\t\t<\/div>\n\t<\/div>\n<\/div><\/div><\/div><\/div>\n","protected":false},"excerpt":{"rendered":"En esta segunda edici\u00f3n de ERA Eskola ser\u00e1n tres las ponentes y cada conferencia se emitir\u00e1 en el canal de YouTube de ERA.eus, www.youtube.com\/c\/EraNafarroa\/ : Paula Kasares abrir\u00e1 el ciclo el 6 de octubre, Yolanda Olasagarre seguir\u00e1 el 13 e Intza Alkain lo cerrar\u00e1 el 20 de octubre. Todas ellas se emitir\u00e1n en euskera y [...]","protected":false},"author":2,"featured_media":10638,"comment_status":"closed","ping_status":"closed","sticky":false,"template":"","format":"standard","meta":{"footnotes":""},"categories":[165,194],"tags":[],"class_list":["post-10637","post","type-post","status-publish","format-standard","has-post-thumbnail","hentry","category-noticias-avisos","category-servicio-euskera"],"_links":{"self":[{"href":"https:\/\/www.esteribar.org\/esteribar.esp\/wp-json\/wp\/v2\/posts\/10637","targetHints":{"allow":["GET"]}}],"collection":[{"href":"https:\/\/www.esteribar.org\/esteribar.esp\/wp-json\/wp\/v2\/posts"}],"about":[{"href":"https:\/\/www.esteribar.org\/esteribar.esp\/wp-json\/wp\/v2\/types\/post"}],"author":[{"embeddable":true,"href":"https:\/\/www.esteribar.org\/esteribar.esp\/wp-json\/wp\/v2\/users\/2"}],"replies":[{"embeddable":true,"href":"https:\/\/www.esteribar.org\/esteribar.esp\/wp-json\/wp\/v2\/comments?post=10637"}],"version-history":[{"count":2,"href":"https:\/\/www.esteribar.org\/esteribar.esp\/wp-json\/wp\/v2\/posts\/10637\/revisions"}],"predecessor-version":[{"id":10640,"href":"https:\/\/www.esteribar.org\/esteribar.esp\/wp-json\/wp\/v2\/posts\/10637\/revisions\/10640"}],"wp:featuredmedia":[{"embeddable":true,"href":"https:\/\/www.esteribar.org\/esteribar.esp\/wp-json\/wp\/v2\/media\/10638"}],"wp:attachment":[{"href":"https:\/\/www.esteribar.org\/esteribar.esp\/wp-json\/wp\/v2\/media?parent=10637"}],"wp:term":[{"taxonomy":"category","embeddable":true,"href":"https:\/\/www.esteribar.org\/esteribar.esp\/wp-json\/wp\/v2\/categories?post=10637"},{"taxonomy":"post_tag","embeddable":true,"href":"https:\/\/www.esteribar.org\/esteribar.esp\/wp-json\/wp\/v2\/tags?post=10637"}],"curies":[{"name":"wp","href":"https:\/\/api.w.org\/{rel}","templated":true}]}}