{"id":10318,"date":"2021-06-18T08:02:40","date_gmt":"2021-06-18T08:02:40","guid":{"rendered":"http:\/\/esteribar.org\/esteribar.esp\/?p=10318"},"modified":"2021-06-18T08:02:40","modified_gmt":"2021-06-18T08:02:40","slug":"semana-del-valle-19-27-junio","status":"publish","type":"post","link":"https:\/\/www.esteribar.org\/esteribar.esp\/semana-del-valle-19-27-junio\/","title":{"rendered":"SEMANA DEL VALLE. 19-27 JUNIO"},"content":{"rendered":"<div class=\"vc_row wpb_row vc_row-fluid\"><div class=\"wpb_column vc_column_container vc_col-sm-12\"><div class=\"vc_column-inner\"><div class=\"wpb_wrapper\">\n\t<div class=\"wpb_text_column wpb_content_element ovic_vc_custom_60cc532038a18 \" >\n\t\t<div class=\"wpb_wrapper\">\n\t\t\t<p><strong>MODIFICACI\u00d3N ACTIVIDADES SEMANA DEL VALLE 2021<\/strong><\/p>\n<p>&#8212;La inauguraci\u00f3n del Park Bike de Zubiri se aplaza al 2 de julio cuando el terreno est\u00e9 m\u00e1s asentado.<\/p>\n<p>&#8212;La cata de vinos de Olloki tambi\u00e9n se aplaza. Se celebrar\u00e1 cuando la situaci\u00f3n sanitaria sea m\u00e1s adecuada.<\/p>\n<p>&#8212;Los actos de inauguraci\u00f3n del front\u00f3n de Olloki se realizar\u00e1n junto al mercadillo artesanal, el domingo 27 de junio. Y se har\u00e1 la entrega de premios del \u00abConcurso de Video y Foto\u00bb en el front\u00f3n<\/p>\n\n\t\t<\/div>\n\t<\/div>\n\n\t<div  class=\"wpb_single_image wpb_content_element vc_align_center ovic_vc_custom_60cc532038a1d\">\n\t\t\n\t\t<figure class=\"wpb_wrapper vc_figure\">\n\t\t\t<div class=\"vc_single_image-wrapper   vc_box_border_grey\"><img loading=\"lazy\" decoding=\"async\" width=\"1821\" height=\"2560\" src=\"https:\/\/www.esteribar.org\/esteribar.esp\/wp-content\/uploads\/2021\/06\/Cartel_2021_web-scaled.jpg\" class=\"vc_single_image-img attachment-full\" alt=\"\" srcset=\"https:\/\/www.esteribar.org\/esteribar.esp\/wp-content\/uploads\/2021\/06\/Cartel_2021_web-scaled.jpg 1821w, https:\/\/www.esteribar.org\/esteribar.esp\/wp-content\/uploads\/2021\/06\/Cartel_2021_web-scaled-600x843.jpg 600w, https:\/\/www.esteribar.org\/esteribar.esp\/wp-content\/uploads\/2021\/06\/Cartel_2021_web-213x300.jpg 213w, https:\/\/www.esteribar.org\/esteribar.esp\/wp-content\/uploads\/2021\/06\/Cartel_2021_web-729x1024.jpg 729w, https:\/\/www.esteribar.org\/esteribar.esp\/wp-content\/uploads\/2021\/06\/Cartel_2021_web-768x1079.jpg 768w, https:\/\/www.esteribar.org\/esteribar.esp\/wp-content\/uploads\/2021\/06\/Cartel_2021_web-1093x1536.jpg 1093w, https:\/\/www.esteribar.org\/esteribar.esp\/wp-content\/uploads\/2021\/06\/Cartel_2021_web-1457x2048.jpg 1457w\" sizes=\"auto, (max-width: 1821px) 100vw, 1821px\" \/><\/div>\n\t\t<\/figure>\n\t<\/div>\n<\/div><\/div><\/div><\/div><div class=\"vc_row wpb_row vc_row-fluid\"><div class=\"wpb_column vc_column_container vc_col-sm-12\"><div class=\"vc_column-inner\"><div class=\"wpb_wrapper\"><\/div><\/div><\/div><\/div>\n","protected":false},"excerpt":{"rendered":"MODIFICACI\u00d3N ACTIVIDADES SEMANA DEL VALLE 2021 ---La inauguraci\u00f3n del Park Bike de Zubiri se aplaza al 2 de julio cuando el terreno est\u00e9 m\u00e1s asentado. ---La cata de vinos de Olloki tambi\u00e9n se aplaza. Se celebrar\u00e1 cuando la situaci\u00f3n sanitaria sea m\u00e1s adecuada. ---Los actos de inauguraci\u00f3n del front\u00f3n de Olloki se realizar\u00e1n junto al [...]","protected":false},"author":2,"featured_media":10315,"comment_status":"closed","ping_status":"closed","sticky":false,"template":"","format":"standard","meta":{"footnotes":""},"categories":[190,165,194],"tags":[],"class_list":["post-10318","post","type-post","status-publish","format-standard","has-post-thumbnail","hentry","category-actividades","category-noticias-avisos","category-servicio-euskera"],"_links":{"self":[{"href":"https:\/\/www.esteribar.org\/esteribar.esp\/wp-json\/wp\/v2\/posts\/10318","targetHints":{"allow":["GET"]}}],"collection":[{"href":"https:\/\/www.esteribar.org\/esteribar.esp\/wp-json\/wp\/v2\/posts"}],"about":[{"href":"https:\/\/www.esteribar.org\/esteribar.esp\/wp-json\/wp\/v2\/types\/post"}],"author":[{"embeddable":true,"href":"https:\/\/www.esteribar.org\/esteribar.esp\/wp-json\/wp\/v2\/users\/2"}],"replies":[{"embeddable":true,"href":"https:\/\/www.esteribar.org\/esteribar.esp\/wp-json\/wp\/v2\/comments?post=10318"}],"version-history":[{"count":1,"href":"https:\/\/www.esteribar.org\/esteribar.esp\/wp-json\/wp\/v2\/posts\/10318\/revisions"}],"predecessor-version":[{"id":10319,"href":"https:\/\/www.esteribar.org\/esteribar.esp\/wp-json\/wp\/v2\/posts\/10318\/revisions\/10319"}],"wp:featuredmedia":[{"embeddable":true,"href":"https:\/\/www.esteribar.org\/esteribar.esp\/wp-json\/wp\/v2\/media\/10315"}],"wp:attachment":[{"href":"https:\/\/www.esteribar.org\/esteribar.esp\/wp-json\/wp\/v2\/media?parent=10318"}],"wp:term":[{"taxonomy":"category","embeddable":true,"href":"https:\/\/www.esteribar.org\/esteribar.esp\/wp-json\/wp\/v2\/categories?post=10318"},{"taxonomy":"post_tag","embeddable":true,"href":"https:\/\/www.esteribar.org\/esteribar.esp\/wp-json\/wp\/v2\/tags?post=10318"}],"curies":[{"name":"wp","href":"https:\/\/api.w.org\/{rel}","templated":true}]}}