{"id":10293,"date":"2021-06-09T11:26:38","date_gmt":"2021-06-09T11:26:38","guid":{"rendered":"http:\/\/esteribar.org\/esteribar.esp\/?p=10293"},"modified":"2021-06-09T11:26:38","modified_gmt":"2021-06-09T11:26:38","slug":"taller-de-fomento-del-uso-del-euskera-para-monitores-de-tiempo-libre","status":"publish","type":"post","link":"https:\/\/www.esteribar.org\/esteribar.esp\/taller-de-fomento-del-uso-del-euskera-para-monitores-de-tiempo-libre\/","title":{"rendered":"TALLER DE FOMENTO DEL USO DEL EUSKERA PARA MONITORES DE TIEMPO LIBRE"},"content":{"rendered":"<div class=\"vc_row wpb_row vc_row-fluid\"><div class=\"wpb_column vc_column_container vc_col-sm-12\"><div class=\"vc_column-inner\"><div class=\"wpb_wrapper\">\n\t<div class=\"wpb_text_column wpb_content_element ovic_vc_custom_60c0a56e63ce5 \" >\n\t\t<div class=\"wpb_wrapper\">\n\t\t\t<p>El pr\u00f3ximo 22 de junio se realizar\u00e1 en Zubiri una formaci\u00f3n para monitores de tiempo libre, educadores, y entrenadores. El taller, de 4 horas de duraci\u00f3n, ser\u00e1 impartido por t\u00e9cnicos de la Fundaci\u00f3n Dindaia y lo organiza el Servicio de Euskera del Ayuntamiento.<\/p>\n<p>Cuando las ni\u00f1as y ni\u00f1os est\u00e1n aprendiendo euskera necesitan recursos para poder utilizar el idioma de forma adecuada y c\u00f3moda en cualquier situaci\u00f3n (familia, amistades, escuela). Las lenguas deben utilizarse frecuentemente para aprender bien y conseguir facilidad en ellas, y preferentemente en relaci\u00f3n con vivencias positivas. El uso del euskera en las actividades extraescolares nos ayudar\u00e1 a romper las dicotom\u00edas euskera = escuela y euskera = deber. Cuantas m\u00e1s actividades se realicen en euskera, m\u00e1s posibilidades tendr\u00e1n de utilizarlo.<\/p>\n<p>Los ni\u00f1os y ni\u00f1as pueden participar en diferentes actividades de ocio: deporte, m\u00fasica, manualidades, ludotecas, etc. Debido a la situaci\u00f3n sanitaria que vivimos, se han suspendido muchas de estas actividades y, como consecuencia de ello, la posibilidad de adquirir diferentes competencias en el uso del euskera ha disminuido en muchos ni\u00f1os y ni\u00f1as. Por ello, el \u00e1mbito del tiempo libre es imprescindible para utilizar y fomentar el euskera, por lo que el Servicio de Euskera ha organizado un taller para que los y las monitores que trabajan con txikis conozcan las estrategias y t\u00e9cnicas para impulsar su uso.<\/p>\n<p>Estos ser\u00e1n los contenidos del taller:<\/p>\n<p>&#8211; Situaci\u00f3n y bases socioling\u00fc\u00edsticas del euskera en Navarra y Esteribar<\/p>\n<p>&#8211; Estrategias y t\u00e9cnicas de promoci\u00f3n del euskera en las actividades de tiempo libre<\/p>\n<p>&#8211; Recursos e instrumentos para la promoci\u00f3n del euskera<\/p>\n<p>El taller es id\u00f3neo para todo tipo de monitores, educadores o entrenadores (deportivos, musicales, de ocio o monitores de comedor, de patio, de autob\u00fas, etc.) que trabajen con ni\u00f1os, ni\u00f1as y adolescentes, y aunque los esteribartarras tendr\u00e1n preferencia, tambi\u00e9n podr\u00e1n inscribirse personas de los valles cercanos hasta completar aforo.<\/p>\n<p>El curso es gratuito y al final los y las participantes recibir\u00e1n un documento acreditativo. La inscripci\u00f3n se realizar\u00e1 <strong>antes del 18 de junio,<\/strong> a trav\u00e9s del Servicio de Euskera de Esteribar, en el tel\u00e9fono 618 757 377.<\/p>\n\n\t\t<\/div>\n\t<\/div>\n\n\t<div  class=\"wpb_single_image wpb_content_element vc_align_center ovic_vc_custom_60c0a56e63cf4\">\n\t\t\n\t\t<figure class=\"wpb_wrapper vc_figure\">\n\t\t\t<div class=\"vc_single_image-wrapper   vc_box_border_grey\"><img loading=\"lazy\" decoding=\"async\" width=\"1587\" height=\"2245\" src=\"https:\/\/www.esteribar.org\/esteribar.esp\/wp-content\/uploads\/2021\/06\/Begiraleen-tailerra.jpg\" class=\"vc_single_image-img attachment-full\" alt=\"\" srcset=\"https:\/\/www.esteribar.org\/esteribar.esp\/wp-content\/uploads\/2021\/06\/Begiraleen-tailerra.jpg 1587w, https:\/\/www.esteribar.org\/esteribar.esp\/wp-content\/uploads\/2021\/06\/Begiraleen-tailerra-600x849.jpg 600w, https:\/\/www.esteribar.org\/esteribar.esp\/wp-content\/uploads\/2021\/06\/Begiraleen-tailerra-212x300.jpg 212w, https:\/\/www.esteribar.org\/esteribar.esp\/wp-content\/uploads\/2021\/06\/Begiraleen-tailerra-724x1024.jpg 724w, https:\/\/www.esteribar.org\/esteribar.esp\/wp-content\/uploads\/2021\/06\/Begiraleen-tailerra-768x1086.jpg 768w, https:\/\/www.esteribar.org\/esteribar.esp\/wp-content\/uploads\/2021\/06\/Begiraleen-tailerra-1086x1536.jpg 1086w, https:\/\/www.esteribar.org\/esteribar.esp\/wp-content\/uploads\/2021\/06\/Begiraleen-tailerra-1448x2048.jpg 1448w\" sizes=\"auto, (max-width: 1587px) 100vw, 1587px\" \/><\/div>\n\t\t<\/figure>\n\t<\/div>\n<\/div><\/div><\/div><\/div><div class=\"vc_row wpb_row vc_row-fluid\"><div class=\"wpb_column vc_column_container vc_col-sm-12\"><div class=\"vc_column-inner\"><div class=\"wpb_wrapper\"><\/div><\/div><\/div><\/div>\n","protected":false},"excerpt":{"rendered":"El pr\u00f3ximo 22 de junio se realizar\u00e1 en Zubiri una formaci\u00f3n para monitores de tiempo libre, educadores, y entrenadores. El taller, de 4 horas de duraci\u00f3n, ser\u00e1 impartido por t\u00e9cnicos de la Fundaci\u00f3n Dindaia y lo organiza el Servicio de Euskera del Ayuntamiento. Cuando las ni\u00f1as y ni\u00f1os est\u00e1n aprendiendo euskera necesitan recursos para poder [...]","protected":false},"author":2,"featured_media":10294,"comment_status":"closed","ping_status":"closed","sticky":false,"template":"","format":"standard","meta":{"footnotes":""},"categories":[190,165,194],"tags":[],"class_list":["post-10293","post","type-post","status-publish","format-standard","has-post-thumbnail","hentry","category-actividades","category-noticias-avisos","category-servicio-euskera"],"_links":{"self":[{"href":"https:\/\/www.esteribar.org\/esteribar.esp\/wp-json\/wp\/v2\/posts\/10293","targetHints":{"allow":["GET"]}}],"collection":[{"href":"https:\/\/www.esteribar.org\/esteribar.esp\/wp-json\/wp\/v2\/posts"}],"about":[{"href":"https:\/\/www.esteribar.org\/esteribar.esp\/wp-json\/wp\/v2\/types\/post"}],"author":[{"embeddable":true,"href":"https:\/\/www.esteribar.org\/esteribar.esp\/wp-json\/wp\/v2\/users\/2"}],"replies":[{"embeddable":true,"href":"https:\/\/www.esteribar.org\/esteribar.esp\/wp-json\/wp\/v2\/comments?post=10293"}],"version-history":[{"count":1,"href":"https:\/\/www.esteribar.org\/esteribar.esp\/wp-json\/wp\/v2\/posts\/10293\/revisions"}],"predecessor-version":[{"id":10295,"href":"https:\/\/www.esteribar.org\/esteribar.esp\/wp-json\/wp\/v2\/posts\/10293\/revisions\/10295"}],"wp:featuredmedia":[{"embeddable":true,"href":"https:\/\/www.esteribar.org\/esteribar.esp\/wp-json\/wp\/v2\/media\/10294"}],"wp:attachment":[{"href":"https:\/\/www.esteribar.org\/esteribar.esp\/wp-json\/wp\/v2\/media?parent=10293"}],"wp:term":[{"taxonomy":"category","embeddable":true,"href":"https:\/\/www.esteribar.org\/esteribar.esp\/wp-json\/wp\/v2\/categories?post=10293"},{"taxonomy":"post_tag","embeddable":true,"href":"https:\/\/www.esteribar.org\/esteribar.esp\/wp-json\/wp\/v2\/tags?post=10293"}],"curies":[{"name":"wp","href":"https:\/\/api.w.org\/{rel}","templated":true}]}}