{"id":10264,"date":"2021-06-02T07:01:42","date_gmt":"2021-06-02T07:01:42","guid":{"rendered":"http:\/\/esteribar.org\/esteribar.esp\/?p=10264"},"modified":"2021-06-02T11:13:20","modified_gmt":"2021-06-02T11:13:20","slug":"aprende-euskera-en-el-valle-curso-2021-2022","status":"publish","type":"post","link":"https:\/\/www.esteribar.org\/esteribar.esp\/aprende-euskera-en-el-valle-curso-2021-2022\/","title":{"rendered":"APRENDE EUSKERA EN EL VALLE &#8211; CURSO 2021\/2022"},"content":{"rendered":"<div class=\"vc_row wpb_row vc_row-fluid\"><div class=\"wpb_column vc_column_container vc_col-sm-12\"><div class=\"vc_column-inner\"><div class=\"wpb_wrapper\">\n\t<div class=\"wpb_text_column wpb_content_element ovic_vc_custom_60b767d0e8fb0 \" >\n\t\t<div class=\"wpb_wrapper\">\n\t\t\t<p>El pr\u00f3ximo curso 2021-2022, se ve algo lejano, \u00bfverdad?<\/p>\n<p>Pero\u2026 \u00bfte animar\u00edas a clases de euskera en el valle? Los niveles ser\u00e1n de iniciaci\u00f3n, <strong>A1 en Olloki y A2 en Zubiri<\/strong>. Los grupos saldr\u00e1n con un m\u00ednimo de 12 personas, as\u00ed que si te interesa, ponte en contacto antes del 10 de junio con el Servicio de Euskera del Ayuntamiento, llamando o enviando un mensaje al <strong>618 757 377<\/strong> (Whatsapp o Telegram)<\/p>\n\n\t\t<\/div>\n\t<\/div>\n\n\t<div  class=\"wpb_single_image wpb_content_element vc_align_center ovic_vc_custom_60b767d0e8fb7\">\n\t\t\n\t\t<figure class=\"wpb_wrapper vc_figure\">\n\t\t\t<div class=\"vc_single_image-wrapper   vc_box_border_grey\"><img loading=\"lazy\" decoding=\"async\" width=\"1587\" height=\"2245\" src=\"https:\/\/www.esteribar.org\/esteribar.esp\/wp-content\/uploads\/2021\/06\/Esteribarren-euskaraz-ikasi.jpg\" class=\"vc_single_image-img attachment-full\" alt=\"\" srcset=\"https:\/\/www.esteribar.org\/esteribar.esp\/wp-content\/uploads\/2021\/06\/Esteribarren-euskaraz-ikasi.jpg 1587w, https:\/\/www.esteribar.org\/esteribar.esp\/wp-content\/uploads\/2021\/06\/Esteribarren-euskaraz-ikasi-600x849.jpg 600w, https:\/\/www.esteribar.org\/esteribar.esp\/wp-content\/uploads\/2021\/06\/Esteribarren-euskaraz-ikasi-212x300.jpg 212w, https:\/\/www.esteribar.org\/esteribar.esp\/wp-content\/uploads\/2021\/06\/Esteribarren-euskaraz-ikasi-724x1024.jpg 724w, https:\/\/www.esteribar.org\/esteribar.esp\/wp-content\/uploads\/2021\/06\/Esteribarren-euskaraz-ikasi-768x1086.jpg 768w, https:\/\/www.esteribar.org\/esteribar.esp\/wp-content\/uploads\/2021\/06\/Esteribarren-euskaraz-ikasi-1086x1536.jpg 1086w, https:\/\/www.esteribar.org\/esteribar.esp\/wp-content\/uploads\/2021\/06\/Esteribarren-euskaraz-ikasi-1448x2048.jpg 1448w\" sizes=\"auto, (max-width: 1587px) 100vw, 1587px\" \/><\/div>\n\t\t<\/figure>\n\t<\/div>\n<\/div><\/div><\/div><\/div><div class=\"vc_row wpb_row vc_row-fluid\"><div class=\"wpb_column vc_column_container vc_col-sm-12\"><div class=\"vc_column-inner\"><div class=\"wpb_wrapper\"><\/div><\/div><\/div><\/div>\n","protected":false},"excerpt":{"rendered":"El pr\u00f3ximo curso 2021-2022, se ve algo lejano, \u00bfverdad? Pero\u2026 \u00bfte animar\u00edas a clases de euskera en el valle? Los niveles ser\u00e1n de iniciaci\u00f3n, A1 en Olloki y A2 en Zubiri. Los grupos saldr\u00e1n con un m\u00ednimo de 12 personas, as\u00ed que si te interesa, ponte en contacto antes del 10 de junio con el [...]","protected":false},"author":2,"featured_media":10265,"comment_status":"closed","ping_status":"closed","sticky":false,"template":"","format":"standard","meta":{"footnotes":""},"categories":[190,165,194],"tags":[],"class_list":["post-10264","post","type-post","status-publish","format-standard","has-post-thumbnail","hentry","category-actividades","category-noticias-avisos","category-servicio-euskera"],"_links":{"self":[{"href":"https:\/\/www.esteribar.org\/esteribar.esp\/wp-json\/wp\/v2\/posts\/10264","targetHints":{"allow":["GET"]}}],"collection":[{"href":"https:\/\/www.esteribar.org\/esteribar.esp\/wp-json\/wp\/v2\/posts"}],"about":[{"href":"https:\/\/www.esteribar.org\/esteribar.esp\/wp-json\/wp\/v2\/types\/post"}],"author":[{"embeddable":true,"href":"https:\/\/www.esteribar.org\/esteribar.esp\/wp-json\/wp\/v2\/users\/2"}],"replies":[{"embeddable":true,"href":"https:\/\/www.esteribar.org\/esteribar.esp\/wp-json\/wp\/v2\/comments?post=10264"}],"version-history":[{"count":3,"href":"https:\/\/www.esteribar.org\/esteribar.esp\/wp-json\/wp\/v2\/posts\/10264\/revisions"}],"predecessor-version":[{"id":10268,"href":"https:\/\/www.esteribar.org\/esteribar.esp\/wp-json\/wp\/v2\/posts\/10264\/revisions\/10268"}],"wp:featuredmedia":[{"embeddable":true,"href":"https:\/\/www.esteribar.org\/esteribar.esp\/wp-json\/wp\/v2\/media\/10265"}],"wp:attachment":[{"href":"https:\/\/www.esteribar.org\/esteribar.esp\/wp-json\/wp\/v2\/media?parent=10264"}],"wp:term":[{"taxonomy":"category","embeddable":true,"href":"https:\/\/www.esteribar.org\/esteribar.esp\/wp-json\/wp\/v2\/categories?post=10264"},{"taxonomy":"post_tag","embeddable":true,"href":"https:\/\/www.esteribar.org\/esteribar.esp\/wp-json\/wp\/v2\/tags?post=10264"}],"curies":[{"name":"wp","href":"https:\/\/api.w.org\/{rel}","templated":true}]}}